{"id":336,"date":"2023-11-14T12:38:19","date_gmt":"2023-11-14T11:38:19","guid":{"rendered":"https:\/\/www.atelier-des-bernigots.fr\/?p=336"},"modified":"2026-02-07T18:15:43","modified_gmt":"2026-02-07T17:15:43","slug":"salon-dautomne","status":"publish","type":"post","link":"https:\/\/www.atelier-des-bernigots.fr\/index.php\/2023\/11\/14\/salon-dautomne\/","title":{"rendered":"Salon d&rsquo;Automne 2023"},"content":{"rendered":"\n<p>Exposition de deux de mes toiles pendant le Salon d&rsquo;Automne 2023, \u00e0 la Halle au Bl\u00e9 de La Fl\u00e8che, 72200.<\/p>\n\n\n\n<p><\/p>\n\n\n\n<figure class=\"wp-block-image size-large\"><img loading=\"lazy\" decoding=\"async\" width=\"768\" height=\"1024\" src=\"https:\/\/www.atelier-des-bernigots.fr\/wp-content\/uploads\/2023\/11\/IMG_5488-768x1024.jpeg\" alt=\"\" class=\"wp-image-337\" srcset=\"https:\/\/www.atelier-des-bernigots.fr\/wp-content\/uploads\/2023\/11\/IMG_5488-768x1024.jpeg 768w, https:\/\/www.atelier-des-bernigots.fr\/wp-content\/uploads\/2023\/11\/IMG_5488-225x300.jpeg 225w, https:\/\/www.atelier-des-bernigots.fr\/wp-content\/uploads\/2023\/11\/IMG_5488-1152x1536.jpeg 1152w, https:\/\/www.atelier-des-bernigots.fr\/wp-content\/uploads\/2023\/11\/IMG_5488-1536x2048.jpeg 1536w, https:\/\/www.atelier-des-bernigots.fr\/wp-content\/uploads\/2023\/11\/IMG_5488-1200x1600.jpeg 1200w, https:\/\/www.atelier-des-bernigots.fr\/wp-content\/uploads\/2023\/11\/IMG_5488-1980x2640.jpeg 1980w, https:\/\/www.atelier-des-bernigots.fr\/wp-content\/uploads\/2023\/11\/IMG_5488-scaled.jpeg 1920w\" sizes=\"auto, (max-width: 768px) 100vw, 768px\" \/><\/figure>\n\n\n\n<figure class=\"wp-block-image size-large\"><img loading=\"lazy\" decoding=\"async\" width=\"768\" height=\"1024\" src=\"https:\/\/www.atelier-des-bernigots.fr\/wp-content\/uploads\/2023\/11\/IMG_5492-768x1024.jpeg\" alt=\"\" class=\"wp-image-338\" srcset=\"https:\/\/www.atelier-des-bernigots.fr\/wp-content\/uploads\/2023\/11\/IMG_5492-768x1024.jpeg 768w, https:\/\/www.atelier-des-bernigots.fr\/wp-content\/uploads\/2023\/11\/IMG_5492-225x300.jpeg 225w, https:\/\/www.atelier-des-bernigots.fr\/wp-content\/uploads\/2023\/11\/IMG_5492-1152x1536.jpeg 1152w, https:\/\/www.atelier-des-bernigots.fr\/wp-content\/uploads\/2023\/11\/IMG_5492-1536x2048.jpeg 1536w, https:\/\/www.atelier-des-bernigots.fr\/wp-content\/uploads\/2023\/11\/IMG_5492-1200x1600.jpeg 1200w, https:\/\/www.atelier-des-bernigots.fr\/wp-content\/uploads\/2023\/11\/IMG_5492-1980x2640.jpeg 1980w, https:\/\/www.atelier-des-bernigots.fr\/wp-content\/uploads\/2023\/11\/IMG_5492-scaled.jpeg 1920w\" sizes=\"auto, (max-width: 768px) 100vw, 768px\" \/><\/figure>\n","protected":false},"excerpt":{"rendered":"<p>Exposition de deux de mes toiles pendant le Salon d&rsquo;Automne 2023, \u00e0 la Halle au Bl\u00e9 de La Fl\u00e8che, 72200.<\/p>\n","protected":false},"author":1,"featured_media":0,"comment_status":"closed","ping_status":"closed","sticky":false,"template":"","format":"standard","meta":{"footnotes":""},"categories":[1],"tags":[],"class_list":["post-336","post","type-post","status-publish","format-standard","hentry","category-actualite"],"_links":{"self":[{"href":"https:\/\/www.atelier-des-bernigots.fr\/index.php\/wp-json\/wp\/v2\/posts\/336","targetHints":{"allow":["GET"]}}],"collection":[{"href":"https:\/\/www.atelier-des-bernigots.fr\/index.php\/wp-json\/wp\/v2\/posts"}],"about":[{"href":"https:\/\/www.atelier-des-bernigots.fr\/index.php\/wp-json\/wp\/v2\/types\/post"}],"author":[{"embeddable":true,"href":"https:\/\/www.atelier-des-bernigots.fr\/index.php\/wp-json\/wp\/v2\/users\/1"}],"replies":[{"embeddable":true,"href":"https:\/\/www.atelier-des-bernigots.fr\/index.php\/wp-json\/wp\/v2\/comments?post=336"}],"version-history":[{"count":4,"href":"https:\/\/www.atelier-des-bernigots.fr\/index.php\/wp-json\/wp\/v2\/posts\/336\/revisions"}],"predecessor-version":[{"id":506,"href":"https:\/\/www.atelier-des-bernigots.fr\/index.php\/wp-json\/wp\/v2\/posts\/336\/revisions\/506"}],"wp:attachment":[{"href":"https:\/\/www.atelier-des-bernigots.fr\/index.php\/wp-json\/wp\/v2\/media?parent=336"}],"wp:term":[{"taxonomy":"category","embeddable":true,"href":"https:\/\/www.atelier-des-bernigots.fr\/index.php\/wp-json\/wp\/v2\/categories?post=336"},{"taxonomy":"post_tag","embeddable":true,"href":"https:\/\/www.atelier-des-bernigots.fr\/index.php\/wp-json\/wp\/v2\/tags?post=336"}],"curies":[{"name":"wp","href":"https:\/\/api.w.org\/{rel}","templated":true}]}}